{"id":2747,"date":"2021-08-15T09:59:17","date_gmt":"2021-08-15T09:59:17","guid":{"rendered":"https:\/\/restauranteplazacanalla.es\/?p=2747"},"modified":"2021-09-07T08:14:48","modified_gmt":"2021-09-07T08:14:48","slug":"qvo-vadis-canalla","status":"publish","type":"post","link":"https:\/\/restauranteplazacanalla.es\/de\/qvo-vadis-canalla\/","title":{"rendered":"QVO VADIS CANALLA\u2026\u2026"},"content":{"rendered":"<p>Uno de nuestros objetivos para este a\u00f1o era la creaci\u00f3n de un Blog. En este caso queremos que sea una manera m\u00e1s extensa de trasmitiros todo lo que se va haciendo y lo que queremos hacer.<\/p>\n\n\n\n<figure class=\"wp-block-image size-full\"><img loading=\"lazy\" decoding=\"async\" width=\"766\" height=\"289\" src=\"https:\/\/restauranteplazacanalla.es\/wp-content\/uploads\/2021\/08\/marjal-en-el-mes-de-marzo-esperando-simbra-de-arroz2-plaza-canlla-restaurante-centro-alicante.jpg\" alt=\"\" class=\"wp-image-2748\" srcset=\"https:\/\/restauranteplazacanalla.es\/wp-content\/uploads\/2021\/08\/marjal-en-el-mes-de-marzo-esperando-simbra-de-arroz2-plaza-canlla-restaurante-centro-alicante.jpg 766w, https:\/\/restauranteplazacanalla.es\/wp-content\/uploads\/2021\/08\/marjal-en-el-mes-de-marzo-esperando-simbra-de-arroz2-plaza-canlla-restaurante-centro-alicante-300x113.jpg 300w, https:\/\/restauranteplazacanalla.es\/wp-content\/uploads\/2021\/08\/marjal-en-el-mes-de-marzo-esperando-simbra-de-arroz2-plaza-canlla-restaurante-centro-alicante-18x7.jpg 18w, https:\/\/restauranteplazacanalla.es\/wp-content\/uploads\/2021\/08\/marjal-en-el-mes-de-marzo-esperando-simbra-de-arroz2-plaza-canlla-restaurante-centro-alicante-260x98.jpg 260w, https:\/\/restauranteplazacanalla.es\/wp-content\/uploads\/2021\/08\/marjal-en-el-mes-de-marzo-esperando-simbra-de-arroz2-plaza-canlla-restaurante-centro-alicante-50x19.jpg 50w, https:\/\/restauranteplazacanalla.es\/wp-content\/uploads\/2021\/08\/marjal-en-el-mes-de-marzo-esperando-simbra-de-arroz2-plaza-canlla-restaurante-centro-alicante-150x57.jpg 150w, https:\/\/restauranteplazacanalla.es\/wp-content\/uploads\/2021\/08\/marjal-en-el-mes-de-marzo-esperando-simbra-de-arroz2-plaza-canlla-restaurante-centro-alicante-600x226.jpg 600w\" sizes=\"auto, (max-width: 766px) 100vw, 766px\" \/><figcaption><em>Marjal en el mes de marzo, esperando aun la siembra del arroz.<\/em><\/figcaption><\/figure>\n\n\n\n<p>&#8230;&#8230;&#8230;&#8230;&#8230;&#8230;&#8230;..<\/p>\n\n\n\n<p>Ya desde hace un a\u00f1o empezamos a trabajar en mejorar internamente, tantos procesos de producci\u00f3n, profesionalizar m\u00e1s al equipo y por supuesto mejorar nuestras instalaciones para tener y dar mejor servicio a quienes nos visiten.<\/p>\n\n\n\n<p>A ra\u00edz del segundo cierre de hosteler\u00eda que fue a finales de enero, entendimos que hab\u00eda una oportunidad para poner fecha exacta a los objetivos que nos hab\u00edamos marcado.<\/p>\n\n\n\n<figure class=\"wp-block-image size-full\"><img loading=\"lazy\" decoding=\"async\" width=\"886\" height=\"360\" src=\"https:\/\/restauranteplazacanalla.es\/wp-content\/uploads\/2021\/08\/marjal-en-el-mes-de-julio-brotes-verdes-de-arroz-plaza-canlla-restaurante-centro-alicante.png\" alt=\"\" class=\"wp-image-2750\" srcset=\"https:\/\/restauranteplazacanalla.es\/wp-content\/uploads\/2021\/08\/marjal-en-el-mes-de-julio-brotes-verdes-de-arroz-plaza-canlla-restaurante-centro-alicante.png 886w, https:\/\/restauranteplazacanalla.es\/wp-content\/uploads\/2021\/08\/marjal-en-el-mes-de-julio-brotes-verdes-de-arroz-plaza-canlla-restaurante-centro-alicante-300x122.png 300w, https:\/\/restauranteplazacanalla.es\/wp-content\/uploads\/2021\/08\/marjal-en-el-mes-de-julio-brotes-verdes-de-arroz-plaza-canlla-restaurante-centro-alicante-768x312.png 768w, https:\/\/restauranteplazacanalla.es\/wp-content\/uploads\/2021\/08\/marjal-en-el-mes-de-julio-brotes-verdes-de-arroz-plaza-canlla-restaurante-centro-alicante-18x7.png 18w, https:\/\/restauranteplazacanalla.es\/wp-content\/uploads\/2021\/08\/marjal-en-el-mes-de-julio-brotes-verdes-de-arroz-plaza-canlla-restaurante-centro-alicante-260x106.png 260w, https:\/\/restauranteplazacanalla.es\/wp-content\/uploads\/2021\/08\/marjal-en-el-mes-de-julio-brotes-verdes-de-arroz-plaza-canlla-restaurante-centro-alicante-50x20.png 50w, https:\/\/restauranteplazacanalla.es\/wp-content\/uploads\/2021\/08\/marjal-en-el-mes-de-julio-brotes-verdes-de-arroz-plaza-canlla-restaurante-centro-alicante-150x61.png 150w, https:\/\/restauranteplazacanalla.es\/wp-content\/uploads\/2021\/08\/marjal-en-el-mes-de-julio-brotes-verdes-de-arroz-plaza-canlla-restaurante-centro-alicante-600x244.png 600w\" sizes=\"auto, (max-width: 886px) 100vw, 886px\" \/><figcaption><em>Marjal en el mes de julio, brotes verdes del arroz.<\/em><\/figcaption><\/figure>\n\n\n\n<p><\/p>\n\n\n\n<p>&#8230;&#8230;&#8230;&#8230;&#8230;&#8230;&#8230;..<\/p>\n\n\n\n<p>De aqu\u00ed el nombre del t\u00edtulo de nuestro primer post, Qvo Vadis Canalla (Ad\u00f3nde vas Canalla). Nos gustar\u00eda haceos participes de las pr\u00f3ximas actividades que realizaremos con algunos de nuestros productores, que son los que mejor nos explicaran su filosof\u00eda.<\/p>\n\n\n\n<p>Estaos atentos a nuestras redes sociales y a este Blog para los eventos mensuales que desarrollaremos a partir de octubre.<\/p>\n\n\n\n<p>Muchas gracias por vuestra confianza.<\/p>\n\n\n\n<p>&#8230;&#8230;.<\/p>\n\n\n\n<p><em>Fotograf\u00eda Marjal Marzo: Alicante Digital. Fuente: \u00ablamarinalalta.com\u00bb<\/em><\/p>\n\n\n\n<div style=\"height:76px\" aria-hidden=\"true\" class=\"wp-block-spacer\"><\/div>\n\n\n\n<hr class=\"wp-block-separator has-text-color has-background has-white-background-color has-white-color\"\/>","protected":false},"excerpt":{"rendered":"<p>Uno de nuestros objetivos para este a\u00f1o era la creaci\u00f3n de un Blog. En este caso queremos que sea una manera m\u00e1s extensa de trasmitiros todo<span class=\"excerpt-hellip\"> [\u2026]<\/span><\/p>\n","protected":false},"author":3,"featured_media":2784,"comment_status":"open","ping_status":"open","sticky":false,"template":"","format":"standard","meta":{"footnotes":""},"categories":[1],"tags":[],"class_list":["post-2747","post","type-post","status-publish","format-standard","has-post-thumbnail","hentry","category-uncategorized"],"_links":{"self":[{"href":"https:\/\/restauranteplazacanalla.es\/de\/wp-json\/wp\/v2\/posts\/2747","targetHints":{"allow":["GET"]}}],"collection":[{"href":"https:\/\/restauranteplazacanalla.es\/de\/wp-json\/wp\/v2\/posts"}],"about":[{"href":"https:\/\/restauranteplazacanalla.es\/de\/wp-json\/wp\/v2\/types\/post"}],"author":[{"embeddable":true,"href":"https:\/\/restauranteplazacanalla.es\/de\/wp-json\/wp\/v2\/users\/3"}],"replies":[{"embeddable":true,"href":"https:\/\/restauranteplazacanalla.es\/de\/wp-json\/wp\/v2\/comments?post=2747"}],"version-history":[{"count":8,"href":"https:\/\/restauranteplazacanalla.es\/de\/wp-json\/wp\/v2\/posts\/2747\/revisions"}],"predecessor-version":[{"id":2761,"href":"https:\/\/restauranteplazacanalla.es\/de\/wp-json\/wp\/v2\/posts\/2747\/revisions\/2761"}],"wp:featuredmedia":[{"embeddable":true,"href":"https:\/\/restauranteplazacanalla.es\/de\/wp-json\/wp\/v2\/media\/2784"}],"wp:attachment":[{"href":"https:\/\/restauranteplazacanalla.es\/de\/wp-json\/wp\/v2\/media?parent=2747"}],"wp:term":[{"taxonomy":"category","embeddable":true,"href":"https:\/\/restauranteplazacanalla.es\/de\/wp-json\/wp\/v2\/categories?post=2747"},{"taxonomy":"post_tag","embeddable":true,"href":"https:\/\/restauranteplazacanalla.es\/de\/wp-json\/wp\/v2\/tags?post=2747"}],"curies":[{"name":"wp","href":"https:\/\/api.w.org\/{rel}","templated":true}]}}